{"id":1603,"date":"2025-11-06T08:59:10","date_gmt":"2025-11-06T08:59:10","guid":{"rendered":"https:\/\/xavitanyaserveisintegrals.com\/?p=1603"},"modified":"2025-12-02T09:50:57","modified_gmt":"2025-12-02T09:50:57","slug":"climatitzacio-eficient-per-a-espais-petits-consells-practics-per-a-una-installacio-daire-condicionat-optima","status":"publish","type":"post","link":"https:\/\/xavitanyaserveisintegrals.com\/es\/climatitzacio-eficient-per-a-espais-petits-consells-practics-per-a-una-installacio-daire-condicionat-optima\/","title":{"rendered":"Climatizaci\u00f3n eficiente para espacios peque\u00f1os: consejos pr\u00e1cticos para una instalaci\u00f3n de aire acondicionado \u00f3ptima"},"content":{"rendered":"<h2 class=\"wp-block-heading\">Optimiza tu aparato en pisos peque\u00f1os, despachos reducidos y locales con poca ventilaci\u00f3n natural<\/h2>\n\n\n\n<p>La climatizaci\u00f3n en espacios peque\u00f1os es un reto habitual, especialmente cuando hablamos de pisos de reducido tama\u00f1o, despachos interiores o locales comerciales con poca o nula ventilaci\u00f3n natural. En estos entornos, el calor se acumula m\u00e1s r\u00e1pido, el aire se renueva con dificultad y cualquier fallo en la planificaci\u00f3n o uso de los aparatos puede traducirse en un consumo energ\u00e9tico alto y un confort insuficiente. Por eso, una instalaci\u00f3n de aire acondicionado bien pensada es clave para garantizar eficiencia, ahorro y bienestar durante todo el a\u00f1o.<\/p>\n\n\n\n<p>Entre las b\u00fasquedas m\u00e1s habituales se encuentra el servicio de<strong><a href=\"https:\/\/xavitanyaserveisintegrals.com\/es\/installacio-daire-condicionat-a-sabadell\/\">instalaci\u00f3n de aire acondicionado en Sabadell<\/a><\/strong>, una necesidad recurrente sobre todo en aquellos inmuebles que requieren soluciones compactas y rentables. Pero m\u00e1s all\u00e1 del lugar donde se haga la instalaci\u00f3n, lo m\u00e1s importante es entender c\u00f3mo sacarle el m\u00e1ximo rendimiento, especialmente cuando el espacio es limitado. A continuaci\u00f3n, exploramos consejos, trucos y recomendaciones para que tu sistema funcione en 100%.<\/p>\n\n\n\n<figure class=\"wp-block-image aligncenter size-large\"><img fetchpriority=\"high\" decoding=\"async\" width=\"1024\" height=\"724\" src=\"https:\/\/xavitanyaserveisintegrals.com\/wp-content\/uploads\/2025\/12\/installacio-daire-condicionat-a-Sabadell-3-1024x724.png\" alt=\"\" class=\"wp-image-1605\" srcset=\"https:\/\/xavitanyaserveisintegrals.com\/wp-content\/uploads\/2025\/12\/installacio-daire-condicionat-a-Sabadell-3-1024x724.png 1024w, https:\/\/xavitanyaserveisintegrals.com\/wp-content\/uploads\/2025\/12\/installacio-daire-condicionat-a-Sabadell-3-300x212.png 300w, https:\/\/xavitanyaserveisintegrals.com\/wp-content\/uploads\/2025\/12\/installacio-daire-condicionat-a-Sabadell-3-768x543.png 768w, https:\/\/xavitanyaserveisintegrals.com\/wp-content\/uploads\/2025\/12\/installacio-daire-condicionat-a-Sabadell-3-1536x1086.png 1536w, https:\/\/xavitanyaserveisintegrals.com\/wp-content\/uploads\/2025\/12\/installacio-daire-condicionat-a-Sabadell-3-18x12.png 18w, https:\/\/xavitanyaserveisintegrals.com\/wp-content\/uploads\/2025\/12\/installacio-daire-condicionat-a-Sabadell-3.png 2000w\" sizes=\"(max-width: 1024px) 100vw, 1024px\" \/><\/figure>\n\n\n\n<h2 class=\"wp-block-heading\">La importancia de elegir el tipo de aparato adecuado<\/h2>\n\n\n\n<p>Cuando el espacio es reducido, es esencial no sobredimensionar ni infradimensionar el aparato. La potencia ideal (medida en frigor\u00edficos o BTU) debe ser proporcional a las dimensiones de la habitaci\u00f3n.<\/p>\n\n\n\n<h3 class=\"wp-block-heading\">\u00bfQu\u00e9 aparato es mejor?<\/h3>\n\n\n\n<p><strong>Para pisos o habitaciones peque\u00f1as:<\/strong><\/p>\n\n\n\n<ul class=\"wp-block-list\">\n<li>Split 1\u00d71 tradicional: eficiente y silencioso.<\/li>\n\n\n\n<li>Aparatos Inverter: consumen menos energ\u00eda y se adaptan autom\u00e1ticamente a la temperatura.<\/li>\n\n\n\n<li>Modelos de pared con clasificaci\u00f3n A++ o A+++.<\/li>\n<\/ul>\n\n\n\n<p><strong>Para despachos cerrados o locales sin ventanas:<\/strong><\/p>\n\n\n\n<ul class=\"wp-block-list\">\n<li>Sistemas de conductos si hay un falso techo.<\/li>\n\n\n\n<li>Cassette compacto para locales algo m\u00e1s grandes.<\/li>\n\n\n\n<li>Multi-split si es necesario refrigerar m\u00e1s de una estancia con una sola unidad exterior.<\/li>\n<\/ul>\n\n\n\n<p>Recuerda que, en cualquier caso, una <strong>instalaci\u00f3n de aire acondicionado en Sabadell<\/strong> o en cualquier otra ciudad debe ir a cargo de profesionales, porque un mal c\u00e1lculo puede afectar gravemente a la vida \u00fatil del equipo y al consumo el\u00e9ctrico.<\/p>\n\n\n\n<h3 class=\"wp-block-heading\">Ubicaci\u00f3n estrat\u00e9gica: el 50% de la eficiencia depende de esto<\/h3>\n\n\n\n<p>La colocaci\u00f3n del split es uno de los puntos m\u00e1s importantes para que un sistema de climatizaci\u00f3n funcione bien en espacios peque\u00f1os. Un error como instalarlo demasiado cerca de una pared lateral, demasiado bajo o frente a un obst\u00e1culo puede reducir su rendimiento hasta un 30%.<\/p>\n\n\n\n<ul class=\"wp-block-list\">\n<li>Inst\u00e1lalo en un punto elevado: el aire fr\u00edo baja de forma natural.<\/li>\n\n\n\n<li>Evita colocarlo detr\u00e1s de puertas o muebles abultados.<\/li>\n\n\n\n<li>Si el espacio es alargado, sit\u00faalo en la parte m\u00e1s central posible.<\/li>\n\n\n\n<li>En locales peque\u00f1os, evita orientar el flujo directamente a las personas para evitar molestias.<\/li>\n<\/ul>\n\n\n\n<h3 class=\"wp-block-heading\">Mejorar el aislamiento: la clave de la eficiencia a largo plazo<\/h3>\n\n\n\n<p>De nada sirve tener un buen aparato si el espacio deja escapar el fr\u00edo. Un buen aislamiento es especialmente necesario en pisos antiguos, despachos interiores y locales situados en planta baja.<\/p>\n\n\n\n<ul class=\"wp-block-list\">\n<li>Sustituir las gomas de las ventanas.<\/li>\n\n\n\n<li>Colocar cortinas t\u00e9rmicas.<\/li>\n\n\n\n<li>Sellar grietas en puertas y marcos.<\/li>\n\n\n\n<li>Uso de alfombras en el suelo para reducir filtraciones de aire.<\/li>\n<\/ul>\n\n\n\n<p>Un buen aislamiento puede reducir el consumo de tu aire acondicionado hasta un 40%. Y esto es especialmente relevante en espacios peque\u00f1os, en los que la temperatura var\u00eda m\u00e1s r\u00e1pidamente.<\/p>\n\n\n\n<h3 class=\"wp-block-heading\">Ventilaci\u00f3n m\u00ednima imprescindible, incluso en espacios cerrados<\/h3>\n\n\n\n<p>Los locales o habitaciones sin ventanas acumulan humedad y calor interno constantemente. Por eso, aunque tengan aire acondicionado, necesitan una m\u00ednima renovaci\u00f3n de aire.<\/p>\n\n\n\n<ul class=\"wp-block-list\">\n<li>Extractores de pared con bajo consumo.<\/li>\n\n\n\n<li>Ventilaci\u00f3n mec\u00e1nica controlada (VMC).<\/li>\n\n\n\n<li>Apertura de puertas algunas horas al d\u00eda.<\/li>\n<\/ul>\n\n\n\n<p>El objetivo es evitar que el aire se vuelva demasiado cargado o que aumente la humedad, porque esto puede obligar al aire acondicionado a trabajar el doble. Este consejo es aplicable independientemente de si contratas una <strong>instalaci\u00f3n de aire acondicionado en Sabadell<\/strong> o de en cualquier otra zona.<\/p>\n\n\n\n<figure class=\"wp-block-image size-large\"><img decoding=\"async\" width=\"1024\" height=\"724\" src=\"https:\/\/xavitanyaserveisintegrals.com\/wp-content\/uploads\/2025\/12\/installacio-daire-condicionat-a-Sabadell-1024x724.png\" alt=\"\" class=\"wp-image-1607\" srcset=\"https:\/\/xavitanyaserveisintegrals.com\/wp-content\/uploads\/2025\/12\/installacio-daire-condicionat-a-Sabadell-1024x724.png 1024w, https:\/\/xavitanyaserveisintegrals.com\/wp-content\/uploads\/2025\/12\/installacio-daire-condicionat-a-Sabadell-300x212.png 300w, https:\/\/xavitanyaserveisintegrals.com\/wp-content\/uploads\/2025\/12\/installacio-daire-condicionat-a-Sabadell-768x543.png 768w, https:\/\/xavitanyaserveisintegrals.com\/wp-content\/uploads\/2025\/12\/installacio-daire-condicionat-a-Sabadell-1536x1086.png 1536w, https:\/\/xavitanyaserveisintegrals.com\/wp-content\/uploads\/2025\/12\/installacio-daire-condicionat-a-Sabadell-18x12.png 18w, https:\/\/xavitanyaserveisintegrals.com\/wp-content\/uploads\/2025\/12\/installacio-daire-condicionat-a-Sabadell.png 2000w\" sizes=\"(max-width: 1024px) 100vw, 1024px\" \/><\/figure>\n\n\n\n<h2 class=\"wp-block-heading\">Mantenimiento para garantizar un consumo \u00f3ptimo<\/h2>\n\n\n\n<p>Los espacios peque\u00f1os acumulan m\u00e1s polvo y part\u00edculas en suspensi\u00f3n, especialmente si no existe ventilaci\u00f3n natural. Esto hace que los filtros se ensucien m\u00e1s r\u00e1pidamente y que el aire acondicionado pierda potencia.<\/p>\n\n\n\n<h3 class=\"wp-block-heading\">Tareas de mantenimiento b\u00e1sicas:<\/h3>\n\n\n\n<ul class=\"wp-block-list\">\n<li>Limpiar filtros cada 3-4 semanas.<\/li>\n\n\n\n<li>Revisar el estado del gas refrigerante anualmente.<\/li>\n\n\n\n<li>Limpiar el ventilador interior y la unidad exterior.<\/li>\n\n\n\n<li>Evitar obstrucciones en torno a la m\u00e1quina exterior.<\/li>\n<\/ul>\n\n\n\n<p>Un sistema bien mantenido puede reducir hasta en un 25% el consumo el\u00e9ctrico. Sin duda un punto clave para mantener rendimiento, tanto si tienes una instalaci\u00f3n de \u00faltima generaci\u00f3n como si tienes un modelo m\u00e1s antiguo.<\/p>\n\n\n\n<h2 class=\"wp-block-heading\">Trucos para optimizar el uso del aire acondicionado en espacios peque\u00f1os<\/h2>\n\n\n\n<p>Aqu\u00ed es donde entran en juego los peque\u00f1os gestos que marcan una gran diferencia:<\/p>\n\n\n\n<p><strong>Utiliza la funci\u00f3n \u201cDry\u201d<\/strong>: En espacios peque\u00f1os y con poca ventilaci\u00f3n, la humedad es a menudo el verdadero problema. El modo Dry reduce la humedad sin necesidad de gastar tanta energ\u00eda como en modo Cold.<\/p>\n\n\n\n<p><strong>Temperatura ideal: ni demasiado baja ni demasiado alta<\/strong>: Lo ideal es fijarla entre 24\u00baC y 26\u00baC. Bajarla a 18\u00baC no va a refrigerar m\u00e1s r\u00e1pido; s\u00f3lo aumentar\u00e1 el consumo.<\/p>\n\n\n\n<p><strong>Evita los encenderos, velas o fuentes de calor<\/strong>: Generan calor puntual y pueden hacer que el termostato detecte una temperatura m\u00e1s alta de la real.<\/p>\n\n\n\n<p><strong>Programa el temporizador<\/strong>: Por la noche o en despachos, es mejor programar per\u00edodos de funcionamiento que tenerlo activo todo el d\u00eda.<\/p>\n\n\n\n<p><strong>Comb\u00ednalo con un ventilador de techo<\/strong>: El flujo de aire ayuda a repartir el fr\u00edo de forma uniforme sin aumentar el consumo.<\/p>\n\n\n\n<p>Todos estos trucos son aplicables si buscas una <strong>instalaci\u00f3n de aire acondicionado<\/strong>.<\/p>\n\n\n\n<h2 class=\"wp-block-heading\">Ahorro energ\u00e9tico: c\u00f3mo hacer que tu sistema consuma menos<\/h2>\n\n\n\n<p>Para conseguir una climatizaci\u00f3n eficiente en espacios peque\u00f1os, es necesario revisar h\u00e1bitos y configuraciones que pueden ayudar a reducir la factura.<\/p>\n\n\n\n<h3 class=\"wp-block-heading\">Pautas de ahorro:<\/h3>\n\n\n\n<ul class=\"wp-block-list\">\n<li>Mantiene las puertas cerradas para que el fr\u00edo no se esparza.<\/li>\n\n\n\n<li>Use persianas o toldos para evitar la entrada de calor exterior.<\/li>\n\n\n\n<li>Opta por aparatos con sensores de presencia (modulan la potencia autom\u00e1ticamente).<\/li>\n\n\n\n<li>Revisa la clasificaci\u00f3n energ\u00e9tica antes de la compra.<\/li>\n<\/ul>\n\n\n\n<p>Un buen uso, combinado con una instalaci\u00f3n adecuada, puede suponer una notable reducci\u00f3n anual del consumo el\u00e9ctrico.<\/p>\n\n\n\n<figure class=\"wp-block-image size-large\"><img decoding=\"async\" width=\"1024\" height=\"724\" src=\"https:\/\/xavitanyaserveisintegrals.com\/wp-content\/uploads\/2025\/12\/installacio-daire-condicionat-a-Sabadell-2-1024x724.png\" alt=\"\" class=\"wp-image-1604\" srcset=\"https:\/\/xavitanyaserveisintegrals.com\/wp-content\/uploads\/2025\/12\/installacio-daire-condicionat-a-Sabadell-2-1024x724.png 1024w, https:\/\/xavitanyaserveisintegrals.com\/wp-content\/uploads\/2025\/12\/installacio-daire-condicionat-a-Sabadell-2-300x212.png 300w, https:\/\/xavitanyaserveisintegrals.com\/wp-content\/uploads\/2025\/12\/installacio-daire-condicionat-a-Sabadell-2-768x543.png 768w, https:\/\/xavitanyaserveisintegrals.com\/wp-content\/uploads\/2025\/12\/installacio-daire-condicionat-a-Sabadell-2-1536x1086.png 1536w, https:\/\/xavitanyaserveisintegrals.com\/wp-content\/uploads\/2025\/12\/installacio-daire-condicionat-a-Sabadell-2-18x12.png 18w, https:\/\/xavitanyaserveisintegrals.com\/wp-content\/uploads\/2025\/12\/installacio-daire-condicionat-a-Sabadell-2.png 2000w\" sizes=\"(max-width: 1024px) 100vw, 1024px\" \/><\/figure>\n\n\n\n<h2 class=\"wp-block-heading\">Por qu\u00e9 la instalaci\u00f3n profesional es esencial<\/h2>\n\n\n\n<p>Instalar un aire acondicionado no es s\u00f3lo colgar un split. Requiere c\u00e1lculos t\u00e9rmicos, conocimiento t\u00e9cnico y herramientas adecuadas. Una instalaci\u00f3n incorrecta puede causar:<\/p>\n\n\n\n<ul class=\"wp-block-list\">\n<li>P\u00e9rdidas de gas.<\/li>\n\n\n\n<li>Vibraciones y ruidos.<\/li>\n\n\n\n<li>Fugas de agua.<\/li>\n\n\n\n<li>Bajo rendimiento y mayor consumo.<\/li>\n<\/ul>\n\n\n\n<p>Adem\u00e1s, las empresas especializadas ofrecen asesoramiento para elegir el aparato m\u00e1s adecuado para espacios peque\u00f1os, una garant\u00eda muy \u00fatil cuando buscas servicios de<strong>instalaci\u00f3n de aire acondicionado<\/strong>.<\/p>\n\n\n\n<p>La eficiente climatizaci\u00f3n en espacios peque\u00f1os no es s\u00f3lo cuesti\u00f3n de escoger un buen aire acondicionado: implica planificaci\u00f3n, mantenimiento, aislamiento y un uso inteligente. Tanto si tienes un piso peque\u00f1o, un despacho interior o un local con poca ventilaci\u00f3n natural, aplicar estos consejos te permitir\u00e1 obtener el m\u00e1ximo confort con el m\u00ednimo consumo. Y si necesitas una <strong>instalaci\u00f3n de aire acondicionado en Sabadell<\/strong>, recuerda que una buena ejecuci\u00f3n profesional es el primer paso para garantizar que tu sistema funcione de forma \u00f3ptima durante a\u00f1os.<\/p>","protected":false},"excerpt":{"rendered":"<p>Optimitza el teu aparell en pisos petits, despatxos redu\u00efts i locals amb poca ventilaci\u00f3 natural La climatitzaci\u00f3 en espais petits \u00e9s un repte habitual, especialment quan parlem de pisos de mida redu\u00efda, despatxos interiors o locals comercials amb poca o nul\u00b7la ventilaci\u00f3 natural. En aquests entorns, la calor s\u2019acumula m\u00e9s r\u00e0pid, l\u2019aire es renova amb [&hellip;]<\/p>","protected":false},"author":2,"featured_media":1606,"comment_status":"closed","ping_status":"","sticky":false,"template":"","format":"standard","meta":{"footnotes":""},"categories":[1],"tags":[24],"class_list":["post-1603","post","type-post","status-publish","format-standard","has-post-thumbnail","hentry","category-blog","tag-installacio-daire-condicionat"],"_links":{"self":[{"href":"https:\/\/xavitanyaserveisintegrals.com\/es\/wp-json\/wp\/v2\/posts\/1603","targetHints":{"allow":["GET"]}}],"collection":[{"href":"https:\/\/xavitanyaserveisintegrals.com\/es\/wp-json\/wp\/v2\/posts"}],"about":[{"href":"https:\/\/xavitanyaserveisintegrals.com\/es\/wp-json\/wp\/v2\/types\/post"}],"author":[{"embeddable":true,"href":"https:\/\/xavitanyaserveisintegrals.com\/es\/wp-json\/wp\/v2\/users\/2"}],"replies":[{"embeddable":true,"href":"https:\/\/xavitanyaserveisintegrals.com\/es\/wp-json\/wp\/v2\/comments?post=1603"}],"version-history":[{"count":5,"href":"https:\/\/xavitanyaserveisintegrals.com\/es\/wp-json\/wp\/v2\/posts\/1603\/revisions"}],"predecessor-version":[{"id":1630,"href":"https:\/\/xavitanyaserveisintegrals.com\/es\/wp-json\/wp\/v2\/posts\/1603\/revisions\/1630"}],"wp:featuredmedia":[{"embeddable":true,"href":"https:\/\/xavitanyaserveisintegrals.com\/es\/wp-json\/wp\/v2\/media\/1606"}],"wp:attachment":[{"href":"https:\/\/xavitanyaserveisintegrals.com\/es\/wp-json\/wp\/v2\/media?parent=1603"}],"wp:term":[{"taxonomy":"category","embeddable":true,"href":"https:\/\/xavitanyaserveisintegrals.com\/es\/wp-json\/wp\/v2\/categories?post=1603"},{"taxonomy":"post_tag","embeddable":true,"href":"https:\/\/xavitanyaserveisintegrals.com\/es\/wp-json\/wp\/v2\/tags?post=1603"}],"curies":[{"name":"wp","href":"https:\/\/api.w.org\/{rel}","templated":true}]}}